{"id":189,"date":"2022-06-19T11:35:07","date_gmt":"2022-06-19T11:35:07","guid":{"rendered":"https:\/\/www.bueffelridge.at\/?p=189"},"modified":"2022-06-19T11:35:08","modified_gmt":"2022-06-19T11:35:08","slug":"18-06-2022-ckrr-clubschau","status":"publish","type":"post","link":"https:\/\/www.bueffelridge.at\/?p=189","title":{"rendered":"18.06.2022 \u010cKRR Clubschau"},"content":{"rendered":"\n<p>Richterin R\u00fcden &amp; Minibaby: Snezka Kuralt (SLO)<\/p>\n\n\n\n<p>Richterin H\u00fcndinnen: Sandra Piscedda (IT)<\/p>\n\n\n\n<p>Offene Klasse: Aisha- sg  &#8211; Florian hat Aisha ausgestellt und viel Spass dabei und sich fix vorgenommen das jetzt \u00f6fter zu machen<\/p>\n\n\n\n<p>Zwischenklasse: Henry &#8211; sg &#8211; er braucht noch etwas Zeit sich zu entwickeln, er benimmt sich vorbildlich im Ring und zeigt sich sehr sch\u00f6n &#8211; leider haben wir kein Foto da Karin mit Henry und Flo mit Aisha gleichzeitig in den Ringen waren. <\/p>\n\n\n\n<p>Zaituni war das erste Mal mit auf einer Ausstellung und wir haben die Gelegenheit gen\u00fctzt da es die Klasse Minibaby gab, Uni hatte viel Spa\u00df im Ring, hat vor sich hin gewedelt und eine wirklich positive Erfahrung gemacht: Vielversprechend <\/p>\n\n\n\n<figure class=\"wp-block-gallery has-nested-images columns-default is-cropped wp-block-gallery-1 is-layout-flex wp-block-gallery-is-layout-flex\">\n<figure class=\"wp-block-image size-large\"><img loading=\"lazy\" decoding=\"async\" width=\"1000\" height=\"777\" data-id=\"191\" src=\"https:\/\/www.bueffelridge.at\/wp-content\/uploads\/2022\/06\/IMG_3519-1.jpg\" alt=\"\" class=\"wp-image-191\" srcset=\"https:\/\/www.bueffelridge.at\/wp-content\/uploads\/2022\/06\/IMG_3519-1.jpg 1000w, https:\/\/www.bueffelridge.at\/wp-content\/uploads\/2022\/06\/IMG_3519-1-300x233.jpg 300w, https:\/\/www.bueffelridge.at\/wp-content\/uploads\/2022\/06\/IMG_3519-1-768x597.jpg 768w\" sizes=\"auto, (max-width: 1000px) 100vw, 1000px\" \/><\/figure>\n\n\n\n<figure class=\"wp-block-image size-large\"><img loading=\"lazy\" decoding=\"async\" width=\"1000\" height=\"777\" data-id=\"190\" src=\"https:\/\/www.bueffelridge.at\/wp-content\/uploads\/2022\/06\/IMG_3549.jpg\" alt=\"\" class=\"wp-image-190\" srcset=\"https:\/\/www.bueffelridge.at\/wp-content\/uploads\/2022\/06\/IMG_3549.jpg 1000w, https:\/\/www.bueffelridge.at\/wp-content\/uploads\/2022\/06\/IMG_3549-300x233.jpg 300w, https:\/\/www.bueffelridge.at\/wp-content\/uploads\/2022\/06\/IMG_3549-768x597.jpg 768w\" sizes=\"auto, (max-width: 1000px) 100vw, 1000px\" \/><\/figure>\n<\/figure>\n","protected":false},"excerpt":{"rendered":"<p>Richterin R\u00fcden &amp; Minibaby: Snezka Kuralt (SLO) Richterin H\u00fcndinnen: Sandra Piscedda (IT) Offene Klasse: Aisha- sg &#8211; Florian hat Aisha ausgestellt und viel Spass dabei und sich fix vorgenommen das jetzt \u00f6fter zu machen Zwischenklasse: Henry &#8211; sg &#8211; er braucht noch etwas Zeit sich zu entwickeln, er benimmt sich vorbildlich im Ring und zeigt [&hellip;]<\/p>\n","protected":false},"author":2,"featured_media":0,"comment_status":"closed","ping_status":"closed","sticky":false,"template":"","format":"standard","meta":{"_monsterinsights_skip_tracking":false,"_monsterinsights_sitenote_active":false,"_monsterinsights_sitenote_note":"","_monsterinsights_sitenote_category":0,"footnotes":""},"categories":[1],"tags":[],"class_list":["post-189","post","type-post","status-publish","format-standard","hentry","category-uncategorized"],"yoast_head":"<!-- This site is optimized with the Yoast SEO plugin v27.5 - https:\/\/yoast.com\/product\/yoast-seo-wordpress\/ -->\n<title>18.06.2022 \u010cKRR Clubschau - bueffelridge.at<\/title>\n<meta name=\"robots\" content=\"index, follow, max-snippet:-1, max-image-preview:large, max-video-preview:-1\" \/>\n<link rel=\"canonical\" href=\"https:\/\/www.bueffelridge.at\/?p=189\" \/>\n<meta property=\"og:locale\" content=\"de_DE\" \/>\n<meta property=\"og:type\" content=\"article\" \/>\n<meta property=\"og:title\" content=\"18.06.2022 \u010cKRR Clubschau - bueffelridge.at\" \/>\n<meta property=\"og:description\" content=\"Richterin R\u00fcden &amp; Minibaby: Snezka Kuralt (SLO) Richterin H\u00fcndinnen: Sandra Piscedda (IT) Offene Klasse: Aisha- sg &#8211; Florian hat Aisha ausgestellt und viel Spass dabei und sich fix vorgenommen das jetzt \u00f6fter zu machen Zwischenklasse: Henry &#8211; sg &#8211; er braucht noch etwas Zeit sich zu entwickeln, er benimmt sich vorbildlich im Ring und zeigt [&hellip;]\" \/>\n<meta property=\"og:url\" content=\"https:\/\/www.bueffelridge.at\/?p=189\" \/>\n<meta property=\"og:site_name\" content=\"bueffelridge.at\" \/>\n<meta property=\"article:published_time\" content=\"2022-06-19T11:35:07+00:00\" \/>\n<meta property=\"article:modified_time\" content=\"2022-06-19T11:35:08+00:00\" \/>\n<meta property=\"og:image\" content=\"https:\/\/www.bueffelridge.at\/wp-content\/uploads\/2022\/06\/IMG_3519-1.jpg\" \/>\n<meta name=\"author\" content=\"Karin\" \/>\n<meta name=\"twitter:card\" content=\"summary_large_image\" \/>\n<meta name=\"twitter:label1\" content=\"Verfasst von\" \/>\n\t<meta name=\"twitter:data1\" content=\"Karin\" \/>\n\t<meta name=\"twitter:label2\" content=\"Gesch\u00e4tzte Lesezeit\" \/>\n\t<meta name=\"twitter:data2\" content=\"2\u00a0Minuten\" \/>\n<script type=\"application\/ld+json\" class=\"yoast-schema-graph\">{\"@context\":\"https:\\\/\\\/schema.org\",\"@graph\":[{\"@type\":\"Article\",\"@id\":\"https:\\\/\\\/www.bueffelridge.at\\\/?p=189#article\",\"isPartOf\":{\"@id\":\"https:\\\/\\\/www.bueffelridge.at\\\/?p=189\"},\"author\":{\"name\":\"Karin\",\"@id\":\"https:\\\/\\\/www.bueffelridge.at\\\/#\\\/schema\\\/person\\\/6be9180a33a8f6ec7c6ca66d4a1927c0\"},\"headline\":\"18.06.2022 \u010cKRR Clubschau\",\"datePublished\":\"2022-06-19T11:35:07+00:00\",\"dateModified\":\"2022-06-19T11:35:08+00:00\",\"mainEntityOfPage\":{\"@id\":\"https:\\\/\\\/www.bueffelridge.at\\\/?p=189\"},\"wordCount\":122,\"image\":{\"@id\":\"https:\\\/\\\/www.bueffelridge.at\\\/?p=189#primaryimage\"},\"thumbnailUrl\":\"https:\\\/\\\/www.bueffelridge.at\\\/wp-content\\\/uploads\\\/2022\\\/06\\\/IMG_3519-1.jpg\",\"articleSection\":[\"Uncategorized\"],\"inLanguage\":\"de\"},{\"@type\":\"WebPage\",\"@id\":\"https:\\\/\\\/www.bueffelridge.at\\\/?p=189\",\"url\":\"https:\\\/\\\/www.bueffelridge.at\\\/?p=189\",\"name\":\"18.06.2022 \u010cKRR Clubschau - bueffelridge.at\",\"isPartOf\":{\"@id\":\"https:\\\/\\\/www.bueffelridge.at\\\/#website\"},\"primaryImageOfPage\":{\"@id\":\"https:\\\/\\\/www.bueffelridge.at\\\/?p=189#primaryimage\"},\"image\":{\"@id\":\"https:\\\/\\\/www.bueffelridge.at\\\/?p=189#primaryimage\"},\"thumbnailUrl\":\"https:\\\/\\\/www.bueffelridge.at\\\/wp-content\\\/uploads\\\/2022\\\/06\\\/IMG_3519-1.jpg\",\"datePublished\":\"2022-06-19T11:35:07+00:00\",\"dateModified\":\"2022-06-19T11:35:08+00:00\",\"author\":{\"@id\":\"https:\\\/\\\/www.bueffelridge.at\\\/#\\\/schema\\\/person\\\/6be9180a33a8f6ec7c6ca66d4a1927c0\"},\"breadcrumb\":{\"@id\":\"https:\\\/\\\/www.bueffelridge.at\\\/?p=189#breadcrumb\"},\"inLanguage\":\"de\",\"potentialAction\":[{\"@type\":\"ReadAction\",\"target\":[\"https:\\\/\\\/www.bueffelridge.at\\\/?p=189\"]}]},{\"@type\":\"ImageObject\",\"inLanguage\":\"de\",\"@id\":\"https:\\\/\\\/www.bueffelridge.at\\\/?p=189#primaryimage\",\"url\":\"https:\\\/\\\/www.bueffelridge.at\\\/wp-content\\\/uploads\\\/2022\\\/06\\\/IMG_3519-1.jpg\",\"contentUrl\":\"https:\\\/\\\/www.bueffelridge.at\\\/wp-content\\\/uploads\\\/2022\\\/06\\\/IMG_3519-1.jpg\",\"width\":1000,\"height\":777},{\"@type\":\"BreadcrumbList\",\"@id\":\"https:\\\/\\\/www.bueffelridge.at\\\/?p=189#breadcrumb\",\"itemListElement\":[{\"@type\":\"ListItem\",\"position\":1,\"name\":\"Startseite\",\"item\":\"https:\\\/\\\/www.bueffelridge.at\\\/\"},{\"@type\":\"ListItem\",\"position\":2,\"name\":\"18.06.2022 \u010cKRR Clubschau\"}]},{\"@type\":\"WebSite\",\"@id\":\"https:\\\/\\\/www.bueffelridge.at\\\/#website\",\"url\":\"https:\\\/\\\/www.bueffelridge.at\\\/\",\"name\":\"bueffelridge.at\",\"description\":\"Willkommen im buffeljagsrivier\",\"potentialAction\":[{\"@type\":\"SearchAction\",\"target\":{\"@type\":\"EntryPoint\",\"urlTemplate\":\"https:\\\/\\\/www.bueffelridge.at\\\/?s={search_term_string}\"},\"query-input\":{\"@type\":\"PropertyValueSpecification\",\"valueRequired\":true,\"valueName\":\"search_term_string\"}}],\"inLanguage\":\"de\"},{\"@type\":\"Person\",\"@id\":\"https:\\\/\\\/www.bueffelridge.at\\\/#\\\/schema\\\/person\\\/6be9180a33a8f6ec7c6ca66d4a1927c0\",\"name\":\"Karin\",\"image\":{\"@type\":\"ImageObject\",\"inLanguage\":\"de\",\"@id\":\"https:\\\/\\\/secure.gravatar.com\\\/avatar\\\/5090e96b3d4fca36382f12c7c99cf557ab2778e4a1671f412f70456be980b1b9?s=96&d=mm&r=g\",\"url\":\"https:\\\/\\\/secure.gravatar.com\\\/avatar\\\/5090e96b3d4fca36382f12c7c99cf557ab2778e4a1671f412f70456be980b1b9?s=96&d=mm&r=g\",\"contentUrl\":\"https:\\\/\\\/secure.gravatar.com\\\/avatar\\\/5090e96b3d4fca36382f12c7c99cf557ab2778e4a1671f412f70456be980b1b9?s=96&d=mm&r=g\",\"caption\":\"Karin\"},\"sameAs\":[\"https:\\\/\\\/www.bueffelridge.at\"],\"url\":\"https:\\\/\\\/www.bueffelridge.at\\\/?author=2\"}]}<\/script>\n<!-- \/ Yoast SEO plugin. -->","yoast_head_json":{"title":"18.06.2022 \u010cKRR Clubschau - bueffelridge.at","robots":{"index":"index","follow":"follow","max-snippet":"max-snippet:-1","max-image-preview":"max-image-preview:large","max-video-preview":"max-video-preview:-1"},"canonical":"https:\/\/www.bueffelridge.at\/?p=189","og_locale":"de_DE","og_type":"article","og_title":"18.06.2022 \u010cKRR Clubschau - bueffelridge.at","og_description":"Richterin R\u00fcden &amp; Minibaby: Snezka Kuralt (SLO) Richterin H\u00fcndinnen: Sandra Piscedda (IT) Offene Klasse: Aisha- sg &#8211; Florian hat Aisha ausgestellt und viel Spass dabei und sich fix vorgenommen das jetzt \u00f6fter zu machen Zwischenklasse: Henry &#8211; sg &#8211; er braucht noch etwas Zeit sich zu entwickeln, er benimmt sich vorbildlich im Ring und zeigt [&hellip;]","og_url":"https:\/\/www.bueffelridge.at\/?p=189","og_site_name":"bueffelridge.at","article_published_time":"2022-06-19T11:35:07+00:00","article_modified_time":"2022-06-19T11:35:08+00:00","og_image":[{"url":"https:\/\/www.bueffelridge.at\/wp-content\/uploads\/2022\/06\/IMG_3519-1.jpg","type":"","width":"","height":""}],"author":"Karin","twitter_card":"summary_large_image","twitter_misc":{"Verfasst von":"Karin","Gesch\u00e4tzte Lesezeit":"2\u00a0Minuten"},"schema":{"@context":"https:\/\/schema.org","@graph":[{"@type":"Article","@id":"https:\/\/www.bueffelridge.at\/?p=189#article","isPartOf":{"@id":"https:\/\/www.bueffelridge.at\/?p=189"},"author":{"name":"Karin","@id":"https:\/\/www.bueffelridge.at\/#\/schema\/person\/6be9180a33a8f6ec7c6ca66d4a1927c0"},"headline":"18.06.2022 \u010cKRR Clubschau","datePublished":"2022-06-19T11:35:07+00:00","dateModified":"2022-06-19T11:35:08+00:00","mainEntityOfPage":{"@id":"https:\/\/www.bueffelridge.at\/?p=189"},"wordCount":122,"image":{"@id":"https:\/\/www.bueffelridge.at\/?p=189#primaryimage"},"thumbnailUrl":"https:\/\/www.bueffelridge.at\/wp-content\/uploads\/2022\/06\/IMG_3519-1.jpg","articleSection":["Uncategorized"],"inLanguage":"de"},{"@type":"WebPage","@id":"https:\/\/www.bueffelridge.at\/?p=189","url":"https:\/\/www.bueffelridge.at\/?p=189","name":"18.06.2022 \u010cKRR Clubschau - bueffelridge.at","isPartOf":{"@id":"https:\/\/www.bueffelridge.at\/#website"},"primaryImageOfPage":{"@id":"https:\/\/www.bueffelridge.at\/?p=189#primaryimage"},"image":{"@id":"https:\/\/www.bueffelridge.at\/?p=189#primaryimage"},"thumbnailUrl":"https:\/\/www.bueffelridge.at\/wp-content\/uploads\/2022\/06\/IMG_3519-1.jpg","datePublished":"2022-06-19T11:35:07+00:00","dateModified":"2022-06-19T11:35:08+00:00","author":{"@id":"https:\/\/www.bueffelridge.at\/#\/schema\/person\/6be9180a33a8f6ec7c6ca66d4a1927c0"},"breadcrumb":{"@id":"https:\/\/www.bueffelridge.at\/?p=189#breadcrumb"},"inLanguage":"de","potentialAction":[{"@type":"ReadAction","target":["https:\/\/www.bueffelridge.at\/?p=189"]}]},{"@type":"ImageObject","inLanguage":"de","@id":"https:\/\/www.bueffelridge.at\/?p=189#primaryimage","url":"https:\/\/www.bueffelridge.at\/wp-content\/uploads\/2022\/06\/IMG_3519-1.jpg","contentUrl":"https:\/\/www.bueffelridge.at\/wp-content\/uploads\/2022\/06\/IMG_3519-1.jpg","width":1000,"height":777},{"@type":"BreadcrumbList","@id":"https:\/\/www.bueffelridge.at\/?p=189#breadcrumb","itemListElement":[{"@type":"ListItem","position":1,"name":"Startseite","item":"https:\/\/www.bueffelridge.at\/"},{"@type":"ListItem","position":2,"name":"18.06.2022 \u010cKRR Clubschau"}]},{"@type":"WebSite","@id":"https:\/\/www.bueffelridge.at\/#website","url":"https:\/\/www.bueffelridge.at\/","name":"bueffelridge.at","description":"Willkommen im buffeljagsrivier","potentialAction":[{"@type":"SearchAction","target":{"@type":"EntryPoint","urlTemplate":"https:\/\/www.bueffelridge.at\/?s={search_term_string}"},"query-input":{"@type":"PropertyValueSpecification","valueRequired":true,"valueName":"search_term_string"}}],"inLanguage":"de"},{"@type":"Person","@id":"https:\/\/www.bueffelridge.at\/#\/schema\/person\/6be9180a33a8f6ec7c6ca66d4a1927c0","name":"Karin","image":{"@type":"ImageObject","inLanguage":"de","@id":"https:\/\/secure.gravatar.com\/avatar\/5090e96b3d4fca36382f12c7c99cf557ab2778e4a1671f412f70456be980b1b9?s=96&d=mm&r=g","url":"https:\/\/secure.gravatar.com\/avatar\/5090e96b3d4fca36382f12c7c99cf557ab2778e4a1671f412f70456be980b1b9?s=96&d=mm&r=g","contentUrl":"https:\/\/secure.gravatar.com\/avatar\/5090e96b3d4fca36382f12c7c99cf557ab2778e4a1671f412f70456be980b1b9?s=96&d=mm&r=g","caption":"Karin"},"sameAs":["https:\/\/www.bueffelridge.at"],"url":"https:\/\/www.bueffelridge.at\/?author=2"}]}},"_links":{"self":[{"href":"https:\/\/www.bueffelridge.at\/index.php?rest_route=\/wp\/v2\/posts\/189","targetHints":{"allow":["GET"]}}],"collection":[{"href":"https:\/\/www.bueffelridge.at\/index.php?rest_route=\/wp\/v2\/posts"}],"about":[{"href":"https:\/\/www.bueffelridge.at\/index.php?rest_route=\/wp\/v2\/types\/post"}],"author":[{"embeddable":true,"href":"https:\/\/www.bueffelridge.at\/index.php?rest_route=\/wp\/v2\/users\/2"}],"replies":[{"embeddable":true,"href":"https:\/\/www.bueffelridge.at\/index.php?rest_route=%2Fwp%2Fv2%2Fcomments&post=189"}],"version-history":[{"count":1,"href":"https:\/\/www.bueffelridge.at\/index.php?rest_route=\/wp\/v2\/posts\/189\/revisions"}],"predecessor-version":[{"id":192,"href":"https:\/\/www.bueffelridge.at\/index.php?rest_route=\/wp\/v2\/posts\/189\/revisions\/192"}],"wp:attachment":[{"href":"https:\/\/www.bueffelridge.at\/index.php?rest_route=%2Fwp%2Fv2%2Fmedia&parent=189"}],"wp:term":[{"taxonomy":"category","embeddable":true,"href":"https:\/\/www.bueffelridge.at\/index.php?rest_route=%2Fwp%2Fv2%2Fcategories&post=189"},{"taxonomy":"post_tag","embeddable":true,"href":"https:\/\/www.bueffelridge.at\/index.php?rest_route=%2Fwp%2Fv2%2Ftags&post=189"}],"curies":[{"name":"wp","href":"https:\/\/api.w.org\/{rel}","templated":true}]}}